{"id":23552,"date":"2026-03-05T17:49:49","date_gmt":"2026-03-05T16:49:49","guid":{"rendered":"https:\/\/www.holstenschule.de\/info\/?p=23552"},"modified":"2026-03-05T17:49:49","modified_gmt":"2026-03-05T16:49:49","slug":"holstenschueler-gewinnt-den-stadtentscheid-des-vorlesewettbewerbs","status":"publish","type":"post","link":"https:\/\/www.holstenschule.de\/info\/holstenschueler-gewinnt-den-stadtentscheid-des-vorlesewettbewerbs\/","title":{"rendered":"Holstensch\u00fcler gewinnt den Stadtentscheid des Vorlesewettbewerbs"},"content":{"rendered":"\n<figure class=\"wp-block-image size-large\"><img loading=\"lazy\" decoding=\"async\" width=\"896\" height=\"593\" src=\"https:\/\/www.holstenschule.de\/info\/wp-content\/uploads\/2026\/03\/DSC_1257-896x593.jpg\" alt=\"\" class=\"wp-image-23553\" srcset=\"https:\/\/www.holstenschule.de\/info\/wp-content\/uploads\/2026\/03\/DSC_1257-896x593.jpg 896w, https:\/\/www.holstenschule.de\/info\/wp-content\/uploads\/2026\/03\/DSC_1257-400x265.jpg 400w, https:\/\/www.holstenschule.de\/info\/wp-content\/uploads\/2026\/03\/DSC_1257-768x509.jpg 768w, https:\/\/www.holstenschule.de\/info\/wp-content\/uploads\/2026\/03\/DSC_1257-1536x1017.jpg 1536w, https:\/\/www.holstenschule.de\/info\/wp-content\/uploads\/2026\/03\/DSC_1257-2048x1356.jpg 2048w\" sizes=\"auto, (max-width: 896px) 100vw, 896px\" \/><\/figure>\n\n\n\n<p>\u201eWer zu lesen versteht, besitzt den Schl\u00fcssel zu gro\u00dfen Taten, zu unertr\u00e4umten M\u00f6glichkeiten.\u201c<\/p>\n\n\n\n<p>&nbsp;&nbsp;&nbsp;&nbsp;&nbsp;&nbsp;&nbsp;&nbsp;&nbsp;&nbsp;&nbsp;&nbsp;&nbsp;&nbsp;&nbsp;&nbsp;&nbsp;&nbsp;&nbsp;&nbsp;&nbsp;&nbsp;&nbsp;&nbsp;&nbsp;&nbsp;&nbsp;&nbsp;&nbsp;&nbsp;&nbsp;&nbsp;&nbsp;&nbsp;&nbsp;&nbsp;&nbsp;&nbsp;&nbsp;&nbsp;&nbsp;&nbsp;&nbsp;&nbsp;&nbsp;&nbsp;&nbsp;&nbsp;&nbsp;&nbsp;&nbsp;&nbsp;&nbsp;&nbsp;&nbsp;&nbsp;&nbsp;&nbsp;&nbsp;&nbsp;&nbsp;&nbsp;&nbsp;&nbsp;&nbsp;&nbsp;&nbsp;&nbsp;&nbsp;&nbsp;&nbsp;&nbsp;&nbsp;&nbsp;&nbsp;&nbsp;&nbsp;&nbsp;&nbsp;&nbsp;&nbsp;&nbsp;&nbsp;&nbsp;&nbsp;&nbsp;&nbsp;&nbsp;&nbsp;&nbsp;&nbsp;&nbsp;&nbsp;&nbsp;&nbsp;&nbsp;&nbsp;&nbsp;&nbsp;&nbsp;&nbsp;&nbsp;&nbsp;&nbsp;&nbsp;&nbsp;&nbsp;&nbsp;&nbsp;&nbsp;&nbsp;&nbsp;&nbsp;&nbsp;&nbsp;&nbsp;&nbsp;&nbsp;&nbsp;&nbsp; (Aldous Huxley)<\/p>\n\n\n\n<p>Am 10. Februar 2026 trat in der Stadtb\u00fccherei der Stadt Neum\u00fcnster Mattis Budzuhn aus der Klasse 6b f\u00fcr die Holstenschule Neum\u00fcnster als unser Schulsieger im Stadtentscheid des Vorlesewettbewerbs an. Unter dem Motto \u201eFantasiewelt der B\u00fccher\u201c fand der diesj\u00e4hrige Wettbewerb statt und folglich entf\u00fchrten die 9 lesenden Schulsieger\/innen der weiterf\u00fchrenden Schulen Neum\u00fcnsters ihr Publikum in unterschiedliche Lesewelten.<\/p>\n\n\n\n<p>Dabei wurde die Lesereihenfolge der Sch\u00fclerinnen und Sch\u00fcler zuvor ausgelost: Mattis B. belegte die 6. Position und verf\u00fcgte nun \u00fcber exakt 3 Minuten reine Lesezeit, um das aufmerksame Publikum mit in seine vorbereitete Lesewelt aus \u201eHarry Potter &amp; die Heiligt\u00fcmer des Todes\u201c von J.K. Rowling zunehmen. Im Anschluss dieser ersten Leserunde tagte die Jury, welche sich u.a. aus Mitgliedern der Stadtb\u00fccherei, einem Mitarbeiter der Buchhandlung Krauskopf, einer Deutschlehrerin sowie der Vorjahresgewinnerin zusammensetzte.<\/p>\n\n\n\n<p>In umgekehrter Reihenfolge traten die 9 Lesenden f\u00fcr die zweite Leserunde an, in dieser galt es, das Publikum vom Lesen einer fremden Textpassage zu \u00fcberzeugen. Bei dem von der Jury ausgew\u00e4hlten Buchtitel handelte es sich um \u201eDread wood \u2013 T\u00f6dliches Nachsitzen\u201c von Jennifer Killick. F\u00fcr dieses Lesen hatten die Lesenden jeweils 2 Minuten Zeit, bevor die Jury im Anschluss an diese Leserunde erneut beriet. Bevor es zur Verk\u00fcndung des diesj\u00e4hrigen Siegers kam, erhielten alle Lesenden am Ende der feierlichen Veranstaltung einen Buchpreis sowie eine Urkunde. Und dann war es endlich soweit: Holstensch\u00fcler Mattis Budzuhn wurde zum Sieger des diesj\u00e4hrigen Stadtentscheides im Vorlesewettbewerb ernannt.<\/p>\n\n\n\n<p>Lieber Mattis, herzlichen Gl\u00fcckwunsch zu dieser tollen Leistung und es sind alle Daumen gedr\u00fcckt, wenn du f\u00fcr die Holstenschule und nun auch f\u00fcr die ganze Stadt Neum\u00fcnster am 18.03.2026 zum regionalen Vorlesewettbewerb antrittst! Alles Gute!<\/p>\n\n\n\n<p>(Text: S. Garken; Bilder: M. Budzuhn &amp; S. Garken)<\/p>\n","protected":false},"excerpt":{"rendered":"<p>Holstensch\u00fcler Mattis Budzuhn aus der Klasse 6b geht als Neum\u00fcnsteraner Stadtsieger im Stadtentscheid des Vorlesewettbewerbs hervor. <\/p>\n","protected":false},"author":22,"featured_media":23554,"comment_status":"closed","ping_status":"closed","sticky":false,"template":"","format":"standard","meta":{"_uag_custom_page_level_css":"","advgb_blocks_editor_width":"","advgb_blocks_columns_visual_guide":"","footnotes":""},"categories":[1],"tags":[],"class_list":["post-23552","post","type-post","status-publish","format-standard","has-post-thumbnail","hentry","category-allgemein"],"author_meta":{"display_name":"Sara-Lena Garken","author_link":"https:\/\/www.holstenschule.de\/info\/author\/garken\/"},"featured_img":"https:\/\/www.holstenschule.de\/info\/wp-content\/uploads\/2026\/03\/00-Cover-400x291.jpeg","uagb_featured_image_src":{"full":["https:\/\/www.holstenschule.de\/info\/wp-content\/uploads\/2026\/03\/00-Cover-rotated.jpeg",1362,990,false],"thumbnail":["https:\/\/www.holstenschule.de\/info\/wp-content\/uploads\/2026\/03\/00-Cover-150x150.jpeg",150,150,true],"medium":["https:\/\/www.holstenschule.de\/info\/wp-content\/uploads\/2026\/03\/00-Cover-400x291.jpeg",400,291,true],"medium_large":["https:\/\/www.holstenschule.de\/info\/wp-content\/uploads\/2026\/03\/00-Cover-768x558.jpeg",768,558,true],"large":["https:\/\/www.holstenschule.de\/info\/wp-content\/uploads\/2026\/03\/00-Cover-896x651.jpeg",896,651,true],"1536x1536":["https:\/\/www.holstenschule.de\/info\/wp-content\/uploads\/2026\/03\/00-Cover-rotated.jpeg",1362,990,false],"2048x2048":["https:\/\/www.holstenschule.de\/info\/wp-content\/uploads\/2026\/03\/00-Cover-rotated.jpeg",1362,990,false]},"uagb_author_info":{"display_name":"Sara-Lena Garken","author_link":"https:\/\/www.holstenschule.de\/info\/author\/garken\/"},"uagb_comment_info":0,"uagb_excerpt":"Holstensch\u00fcler Mattis Budzuhn aus der Klasse 6b geht als Neum\u00fcnsteraner Stadtsieger im Stadtentscheid des Vorlesewettbewerbs hervor.","coauthors":[],"tax_additional":{"categories":{"linked":["<a href=\"https:\/\/www.holstenschule.de\/info\/category\/allgemein\/\" class=\"advgb-post-tax-term\">Allgemein<\/a>"],"unlinked":["<span class=\"advgb-post-tax-term\">Allgemein<\/span>"]}},"comment_count":"0","relative_dates":{"created":"Posted 2\u00a0Monaten ago","modified":"Updated 2\u00a0Monaten ago"},"absolute_dates":{"created":"Posted on 5. M\u00e4rz 2026","modified":"Updated on 5. M\u00e4rz 2026"},"absolute_dates_time":{"created":"Posted on 5. M\u00e4rz 2026 17:49","modified":"Updated on 5. M\u00e4rz 2026 17:49"},"featured_img_caption":"","series_order":"","_links":{"self":[{"href":"https:\/\/www.holstenschule.de\/info\/wp-json\/wp\/v2\/posts\/23552","targetHints":{"allow":["GET"]}}],"collection":[{"href":"https:\/\/www.holstenschule.de\/info\/wp-json\/wp\/v2\/posts"}],"about":[{"href":"https:\/\/www.holstenschule.de\/info\/wp-json\/wp\/v2\/types\/post"}],"author":[{"embeddable":true,"href":"https:\/\/www.holstenschule.de\/info\/wp-json\/wp\/v2\/users\/22"}],"replies":[{"embeddable":true,"href":"https:\/\/www.holstenschule.de\/info\/wp-json\/wp\/v2\/comments?post=23552"}],"version-history":[{"count":1,"href":"https:\/\/www.holstenschule.de\/info\/wp-json\/wp\/v2\/posts\/23552\/revisions"}],"predecessor-version":[{"id":23555,"href":"https:\/\/www.holstenschule.de\/info\/wp-json\/wp\/v2\/posts\/23552\/revisions\/23555"}],"wp:featuredmedia":[{"embeddable":true,"href":"https:\/\/www.holstenschule.de\/info\/wp-json\/wp\/v2\/media\/23554"}],"wp:attachment":[{"href":"https:\/\/www.holstenschule.de\/info\/wp-json\/wp\/v2\/media?parent=23552"}],"wp:term":[{"taxonomy":"category","embeddable":true,"href":"https:\/\/www.holstenschule.de\/info\/wp-json\/wp\/v2\/categories?post=23552"},{"taxonomy":"post_tag","embeddable":true,"href":"https:\/\/www.holstenschule.de\/info\/wp-json\/wp\/v2\/tags?post=23552"}],"curies":[{"name":"wp","href":"https:\/\/api.w.org\/{rel}","templated":true}]}}